{"id":31,"date":"2020-04-11T09:52:01","date_gmt":"2020-04-11T08:52:01","guid":{"rendered":"https:\/\/edutictac.es\/tafol\/?p=31"},"modified":"2023-11-09T23:15:18","modified_gmt":"2023-11-09T22:15:18","slug":"recomanacions-sobre-propietat-intellectual-per-a-persones-autores-de-recursos-educatius","status":"publish","type":"post","link":"https:\/\/edutictac.es\/blog\/tafol\/recomanacions-sobre-propietat-intellectual-per-a-persones-autores-de-recursos-educatius\/","title":{"rendered":"Recomanacions sobre propietat intel\u00b7lectual per a persones autores de recursos educatius"},"content":{"rendered":"\n<p><span style=\"font-size: 10px\"><em><a href=\"https:\/\/edutictac.es\/tafol\/2020\/04\/11\/recomanacions-sobre-propietat-intellectual-per-a-persones-autores-de-recursos-educatius\/\">Enlla\u00e7 permanent a aquest article<\/a>.<br>Aquest article ha estat editat amb ampliacions. Per veure versions anteriors visiteu: <a rel=\"noopener noreferrer\" href=\"https:\/\/edutictac.es\/blog\/tafol\/wp-content\/uploads\/sites\/4\/2020\/04\/Recomanacions-sobre-Propietat-Intellectual-per-a-persones-autores-de-recursos-educatius.v1.pdf\" target=\"_blank\">versi\u00f3 1<\/a> &#8211; <a rel=\"noopener noreferrer\" href=\"https:\/\/edutictac.es\/blog\/tafol\/wp-content\/uploads\/sites\/4\/2020\/04\/Recomanacions-sobre-Propietat-Intellectual-per-a-persones-autores-de-recursos-educatius.v2.pdf\" target=\"_blank\">versi\u00f3 2<\/a> &#8211; <a rel=\"noopener noreferrer\" href=\"https:\/\/edutictac.es\/blog\/tafol\/wp-content\/uploads\/sites\/4\/2021\/04\/Recomanacions-sobre-propietat-intellectual-per-a-persones-autores-de-recursos-educatius-\u2013-versio-3.pdf\" target=\"_blank\">versi\u00f3 3<\/a>.<\/em><\/span><\/p>\n\n\n\n<p>La cultura i l&#8217;acc\u00e9s al coneixement hauria de ser lliure. Compartir \u00e9s bo, ajuda al pro\u00efsme, fa avan\u00e7ar la societat. <a href=\"https:\/\/freedomdefined.org\/Definition\/Ca\">El moviment per la cultura lliure<\/a> promou les llibertats que permeten seguir avan\u00e7ant a aquesta societat. S\u00f3n les mateixes quatre llibertats que def\u00e9n el moviment del <a href=\"https:\/\/www.gnu.org\/philosophy\/free-sw.ca.html\">programari lliure<\/a>. En resum s\u00f3n les llibertats d&#8217;usar, estudiar, modificar i compartir les c\u00f2pies, fonamentalment digitals, d&#8217;una obra. <\/p>\n\n\n\n<p>Per\u00f2, hi ha qui diu que el moviment de la Cultura Lliure no protegeix als autors (i duen autors quan en la majoria d&#8217;ocasions es refereixen als intermediaris). Uns altres diuen que la cultura lliure afavoreix la (mal anomenada) pirateria, comparant el fet de compartir amb amics a un assalt violent a un vaixell. No falta qui diu que la cultura lliure desincentiva la creaci\u00f3, assimilant que l&#8217;\u00fanic incentiu per la cultura \u00e9s econ\u00f2mic. Hi ha molts <a href=\"https:\/\/radioslibres.net\/10-mitos-sobre-cultura-libre-y-acceso-abierto\/\">mites sobre el moviment de la Cultura Lliure<\/a>. Gens m\u00e9s lluny d&#8217;aix\u00f2, la cultura lliure afavoreix la difusi\u00f3 i l&#8217;acc\u00e9s al coneixement, les <a rel=\"noopener noreferrer\" href=\"https:\/\/freedomdefined.org\/Licenses\" target=\"_blank\">llic\u00e8ncies de cultura lliure<\/a> protegeixen de forma legal a autores i autors tant com pot fer-ho el copyright, <a rel=\"noopener noreferrer\" href=\"https:\/\/creativecommons.org\/share-your-work\/public-domain\/freeworks\" target=\"_blank\">aquest tipus de llic\u00e8ncies<\/a> permeten, no nom\u00e9s la c\u00f2pia sin\u00f3 tamb\u00e9 l&#8217;adaptaci\u00f3 i millora dels continguts. Ben al contrari que el Copyright, el qual dificulta enormement la difusi\u00f3 legal, segons les lleis de Copyright, <\/p>\n\n\n\n<p class=\"has-text-align-center\"><span style=\"background-color: #f1c40f\">no fer cap indicaci\u00f3 sobre la propietat intel\u00b7lectual dels nostres recursos, significa &#8220;<strong>Tots els drets reservats<\/strong>&#8221; i aix\u00f2 significa, en la pr\u00e0ctica, que <strong>no estem compartint<\/strong> el nostre treball<\/span><\/p>\n\n\n\n<p>Aquest article va dirigit a les persones autores de recursos educatius propis que vulguen <strong>permetre la m\u00e0xima difusi\u00f3<\/strong> dels seus materials per\u00f2 que, al mateix temps, es veja <strong>reconegut<\/strong> el seu treball i es mantinguen <strong>protegits els seus drets<\/strong> sobre la propietat intel\u00b7lectual. La nostra llista de recomanacions per a vosaltres \u00e9s la seg\u00fcent:<\/p>\n\n\n\n<figure class=\"wp-block-image\"><a href=\"https:\/\/www.flickr.com\/photos\/missha\/126908013\/\"><img decoding=\"async\" src=\"https:\/\/live.staticflickr.com\/55\/126908013_f4486db297.jpg\" alt=\"compartir es bueno\" \/><\/a><\/figure>\n\n\n\n<ol class=\"wp-block-list\"><li>Trieu una llic\u00e8ncia de cultura lliure sense por. Si penseu que alg\u00fa podr\u00e0 plagiar la vostra obra m\u00e9s f\u00e0cilment, esteu en una errada. Qui vulga <b>plagiar o copiar il\u00b7legalment<\/b> la teua obra, la plagiar\u00e0 igualment <strong>tinga la llic\u00e8ncia que tinga<\/strong>.<\/li><li>Entre les distintes llic\u00e8ncies existents, recomanem les llic\u00e8ncies <strong>Creative Commons<\/strong>. Aquesta organitzaci\u00f3 sense \u00e0nim de lucre posa a l&#8217;abast de tothom un conjunt d&#8217;instruments jur\u00eddics de car\u00e0cter gratu\u00eft que faciliten usar i compartir tant la creativitat com el coneixement. La seua eina principal \u00e9s el selector de llic\u00e8ncies:\n<p align=\"center\"><span style=\"font-size: 16px\"><a href=\"https:\/\/creativecommons.org\/choose\/\"><span style=\"font-family: Comic Sans MS, cursive\"><span style=\"font-size: 16pt\">https:\/\/creativecommons.org\/choose\/<\/span><\/span><\/a><\/span><\/p>\n<\/li><li>Dins de les 6 llic\u00e8ncies Creative Commons hi ha diferents requisits que es deuen complir per compartir l&#8217;obra. Les nostres recomanacions per a cada requisit serien:<\/li><\/ol>\n\n\n\n<ul class=\"wp-block-list\"><li><b>BY (reconeixement de l&#8217;autoria)<\/b> \u2013 Aquest requisit \u00e9s obligatori per a totes 6 llic\u00e8ncies. El considerem <b>imprescindible<\/b>, si quelcom no atribueix l&#8217;obra de forma correcta, estar\u00e0 incomplint la llic\u00e8ncia i es podr\u00e0 reclamar\/denunciar el que corresponga. Recomanem indicar sempre l&#8217;autoria i, \u00e9s molt recomanable tamb\u00e9, <strong>indicar la forma en qu\u00e8 s&#8217;ha de citar l&#8217;obra<\/strong>, incloent-hi un enlla\u00e7 al recurs original. <\/li><li><b>NC<\/b> (no comercial) \u2013 El considerem <b>no recomanable<\/b>. Amb aquesta restricci\u00f3 l&#8217;obra no \u00e9s considerada com a obra de cultura lliure. Pot restringir <strong>usos leg\u00edtims i no necess\u00e0riament lucratius<\/strong> (com ara &#8220;deixar uns apunts en la papereria d&#8217;enfront per fotocopiar&#8221; o que l&#8217;escrit es publique en un blog amb publicitat). Si el motiu de voler posar la cl\u00e0usula NC \u00e9s per &#8220;por&#8221; al fet que alg\u00fa se n&#8217;aprofite injustament del vostre treball considereu el seg\u00fcent: <ul><li> a) ser\u00e0 dif\u00edcil l&#8217;aprofitament si s&#8217;ha indicat de forma clara com s&#8217;ha de citar l&#8217;autoria i cont\u00e9 un enlla\u00e7 al recurs original, ja que el contingut es podr\u00e0 trobar de forma f\u00e0cil en la font original. <span class=\"tlid-translation translation\"><span title=\"\">El potencial per<\/span> <span title=\"\">beneficiar-se econ\u00f2micament<\/span> <span title=\"\">de la simple<\/span> <span title=\"\">distribuci\u00f3<\/span> <span title=\"\">\u00e9s<\/span> <span title=\"\">bastant petit<\/span><\/span>. Qualsevol llic\u00e8ncia CC permet la c\u00f2pia i si el teu treball \u00e9s popular i de qualitat, \u00e9s molt probable que es trobe en Internet gratis. <span class=\"tlid-translation translation\"><span title=\"\">Qualsevol<\/span> <span title=\"\">mercadeig<\/span> <span title=\"\">constru\u00eft al voltant<\/span> <span title=\"\">d&#8217;un contingut que<\/span> <span title=\"\">est\u00e0<\/span> <span title=\"\">disponible gratu\u00eftament<\/span> <span title=\"\">s&#8217;ha de basar en<\/span> <span title=\"\">la bona<\/span> <span title=\"\">voluntat o<\/span> <span title=\"\">en la ignor\u00e0ncia.<\/span><\/span> <\/li><li> b) podria oc\u00f3rrer el cas que, qui vulga &#8220;aprofitar-se&#8221;, no cite l&#8217;autoria de la manera expressada en l&#8217;obra (amb l&#8217;objectiu de dificultar que s&#8217;arribe a la font original). Aleshores, s&#8217;estaria incomplint el requisit BY i es podria actuar legalment i reclamar compensacions o el que corresponga. I conv\u00e9 tornar a recordar que qui vulga aprofitar-se de forma il\u00b7leg\u00edtima, ho far\u00e0 igualment tinga la llic\u00e8ncia que tinga (tamb\u00e9 amb NC). <\/li><li>c) teniu m\u00e9s informaci\u00f3 sobre la cl\u00e0usula NC al final de l&#8217;article.<\/li><\/ul><\/li><li><b>ND<\/b> <span style=\"font-weight: normal\">(sense obra derivada)<\/span> \u2013 <b>No recomanable<\/b>. En \u00e0mbit educatiu es trau el m\u00e0xim profit quan un material es pot adaptar a les metodologies particulars de cada docent o persona que l&#8217;utilitze, a m\u00e9s en l&#8217;obra derivada sempre s&#8217;haur\u00e0 de citar l&#8217;autoria de l&#8217;original. Tot i aix\u00f2, es podria recomanar aquesta cl\u00e0usula si el contingut de l&#8217;obra cont\u00e9 opinions particulars o dades privades, per\u00f2 deixaria de ser considerada de cultura lliure.<\/li><li><p style=\"margin-bottom: 0cm\"><b>SA<\/b> (Compartir igual) \u2013 <b>Recomanable<\/b>. Si, amb tot el comentat, encara es t\u00e9 el &#8220;recel&#8221; de qu\u00e8 amb una obra derivada alg\u00fa es puga &#8220;aprofitar&#8221; i canviar la llic\u00e8ncia, amb aquesta restricci\u00f3 s&#8217;obliga a fer que &#8220;ens aprofitem tots de tot&#8221; (eixa \u00e9s la idea, no?). Tot i que \u00e9s una restricci\u00f3 i lleva &#8220;llibertat&#8221; a l&#8217;autor de l&#8217;obra derivada i, per tant, podria ser un h\u00e0ndicap perqu\u00e8 la nostra obra genere nous recursos educatius. <strong>La cl\u00e0usula SA pot ser una bona alternativa per a no usar NC<\/strong>. <span class=\"tlid-translation translation\"><span title=\"\">Les<\/span> <span title=\"\">llic\u00e8ncies<\/span> <span title=\"\">\u00abCompartir-Igual\u00bb<\/span> <span title=\"\">de<\/span> <span title=\"\">Creative<\/span> <span title=\"\">Commons<\/span> <span title=\"\">requereixen que<\/span> <span title=\"\">tot treball<\/span> <span title=\"\">derivat del<\/span> <span title=\"\">vostre es<\/span> <span title=\"\">fa\u00e7a<\/span> <span title=\"\">disponible<\/span> <span title=\"\">com a contingut<\/span> completament <span title=\"\">lliure. <\/span><\/span>\u00c9s la forma de garantir que els recursos derivats continuen sent lliures, el concepte tamb\u00e9 \u00e9s conegut com a Copyleft. <\/p><\/li><\/ul>\n\n\n\n<ol class=\"wp-block-list\" start=\"4\"><li>Amb les reflexions anteriors les llic\u00e8ncies recomanables serien: <a rel=\"noopener noreferrer\" href=\"https:\/\/creativecommons.org\/licenses\/by\/4.0\/deed.ca\" target=\"_blank\"><b>CC-BY<\/b><\/a> i <a rel=\"noopener noreferrer\" href=\"https:\/\/creativecommons.org\/licenses\/by-sa\/4.0\/deed.ca\" target=\"_blank\"><b>CC-BY-SA<\/b><\/a>. No sent recomanable altre tipus en l&#8217;\u00e0mbit educatiu i en un entorn de Cultura Lliure.<\/li><li>En aquest context \u00e9s molt important <b>incloure de forma clara i visible<\/b>, tant la <b>llic\u00e8ncia<\/b> que es vol utilitzar, com una indicaci\u00f3 de l&#8217;<b>autoria<\/b> i de com es vol que se cite. Tamb\u00e9 conv\u00e9 marcar els materials amb n\u00fameros de versi\u00f3, any de publicaci\u00f3, etc. Sobretot, aquells que permeten obra derivada; per tal d&#8217;evitar confusions entre les obres derivades i l&#8217;original i per poder traure (per part de l&#8217;autor) revisions del material amb llic\u00e8ncies diferents de l&#8217;original. Aquest marcatge es pot fer, b\u00e9 en el t\u00edtol, b\u00e9 en un apartat amb cr\u00e8dits.<\/li><li>\u00c9s recomanable llegir amb deteniment les cl\u00e0usules de la llic\u00e8ncia emprada, disponibles en el <a href=\"https:\/\/creativecommons.org\/licenses\/?lang=ca\">lloc web de Creative Commons<\/a>. No costa tant, i deixa moltes coses ben clares i definides.<\/li><\/ol>\n\n\n\n<p><a name=\"NC\"><\/a><\/p>\n\n\n\n<h2 class=\"wp-block-heading\">M\u00e9s informaci\u00f3 sobre la cl\u00e0usula NC<\/h2>\n\n\n\n<p>Si, despr\u00e9s de llegir l&#8217;article encara no esteu conven\u00e7udes o conven\u00e7uts de llevar la cl\u00e0usula NC dels vostres recursos digitals, considereu llegir el seg\u00fcent article (original en angl\u00e9s tradu\u00eft al castell\u00e0) en el qual s&#8217;explica de forma extensa perqu\u00e8 no incloure-la: <span id=\"Los_argumentos_a_favor_del_uso_libre:_Razones_por_las_que_no_usar_una_licencia_Creative_Commons_-NC\" class=\"mw-headline\"><a href=\"https:\/\/freedomdefined.org\/Licenses\/NC\/Es\">Razones por las que no usar una licencia Creative Commons -NC<\/a>. En resum, les raons serien:<\/span><\/p>\n\n\n\n<ol class=\"wp-block-list\"><li>Incompatible amb un cos creixent de contingut lliure. Repositoris com Viquip\u00e8dia o Commons no admeten la cl\u00e0usula NC. Per tant, no es podria fer obra derivada afegint material d&#8217;aquests llocs tan populars.<\/li><li>Pot descartar altres usos b\u00e0sics i beneficiosos que voldr\u00edeu permetre. Com ara fer fotoc\u00f2pies o incloure el contingut en un blog que sufraga els seus costs amb publicitat.<\/li><li>Sost\u00e9 els termes llargu\u00edssims del copyright actual. La restricci\u00f3 NC no \u00e9s una restricci\u00f3 temporal. El vostre treball no estar\u00e0 en el domini p\u00fablic fins m\u00e9s enll\u00e0 de, per posar una data, el 2100. Potser per a quan el material estiga obsolet, encara no es puga fer una obra derivada per actualitzar-lo.<\/li><li>No protegeix contra l&#8217;explotaci\u00f3 m\u00e9s que altres cl\u00e0usules com BY o SA. Com hem dit, els vostres drets morals, estan protegits amb la cl\u00e0usula BY i una possible explotaci\u00f3 comercial d&#8217;obra derivada quedaria anul\u00b7lada per la cl\u00e0usula SA.<\/li><\/ol>\n\n\n\n<p>Gr\u00e0cies per llegir fins aqu\u00ed i sigueu lliures de publicar lliurement!<\/p>\n\n\n\n<p><a href=\"http:\/\/creativecommons.org\/licenses\/by\/4.0\/\" rel=\"license\"><img decoding=\"async\" style=\"border-width: 0\" src=\"https:\/\/i.creativecommons.org\/l\/by\/4.0\/88x31.png\" alt=\"Llic\u00e8ncia de Creative Commons\"><\/a><br>Aquest text&nbsp; de T\u00e0fol Nebot est\u00e0 subjecte a una llic\u00e8ncia de <a href=\"http:\/\/creativecommons.org\/licenses\/by\/4.0\/\" rel=\"license\">Reconeixement 4.0 Internacional de Creative Commons<\/a><\/p>\n","protected":false},"excerpt":{"rendered":"<p>Enlla\u00e7 permanent a aquest article.Aquest article ha estat editat amb ampliacions. Per veure versions anteriors visiteu: versi\u00f3 1 &#8211; versi\u00f3 2 &#8211; versi\u00f3 3. La cultura i l&#8217;acc\u00e9s al coneixement hauria de ser lliure. Compartir \u00e9s bo, ajuda al pro\u00efsme, fa avan\u00e7ar la societat. El moviment per la cultura lliure promou les llibertats que permeten &#8230; <a title=\"Recomanacions sobre propietat intel\u00b7lectual per a persones autores de recursos educatius\" class=\"read-more\" href=\"https:\/\/edutictac.es\/blog\/tafol\/recomanacions-sobre-propietat-intellectual-per-a-persones-autores-de-recursos-educatius\/\" aria-label=\"M\u00e9s informaci\u00f3 sobre Recomanacions sobre propietat intel\u00b7lectual per a persones autores de recursos educatius\">Llegiu m\u00e9s<\/a><\/p>\n","protected":false},"author":4,"featured_media":0,"comment_status":"open","ping_status":"open","sticky":false,"template":"","format":"standard","meta":{"activitypub_content_warning":"","activitypub_content_visibility":"","activitypub_max_image_attachments":4,"activitypub_interaction_policy_quote":"anyone","activitypub_status":"","footnotes":""},"categories":[12,14,13,19],"tags":[4,20,7],"class_list":["post-31","post","type-post","status-publish","format-standard","hentry","category-cultura-lliure","category-drets-dautoria","category-llicencies-de-contiguts","category-mon-educatiu","tag-creative-commons","tag-f1c40f","tag-llicencies"],"_links":{"self":[{"href":"https:\/\/edutictac.es\/blog\/tafol\/wp-json\/wp\/v2\/posts\/31","targetHints":{"allow":["GET"]}}],"collection":[{"href":"https:\/\/edutictac.es\/blog\/tafol\/wp-json\/wp\/v2\/posts"}],"about":[{"href":"https:\/\/edutictac.es\/blog\/tafol\/wp-json\/wp\/v2\/types\/post"}],"author":[{"embeddable":true,"href":"https:\/\/edutictac.es\/blog\/tafol\/wp-json\/wp\/v2\/users\/4"}],"replies":[{"embeddable":true,"href":"https:\/\/edutictac.es\/blog\/tafol\/wp-json\/wp\/v2\/comments?post=31"}],"version-history":[{"count":1,"href":"https:\/\/edutictac.es\/blog\/tafol\/wp-json\/wp\/v2\/posts\/31\/revisions"}],"predecessor-version":[{"id":197,"href":"https:\/\/edutictac.es\/blog\/tafol\/wp-json\/wp\/v2\/posts\/31\/revisions\/197"}],"wp:attachment":[{"href":"https:\/\/edutictac.es\/blog\/tafol\/wp-json\/wp\/v2\/media?parent=31"}],"wp:term":[{"taxonomy":"category","embeddable":true,"href":"https:\/\/edutictac.es\/blog\/tafol\/wp-json\/wp\/v2\/categories?post=31"},{"taxonomy":"post_tag","embeddable":true,"href":"https:\/\/edutictac.es\/blog\/tafol\/wp-json\/wp\/v2\/tags?post=31"}],"curies":[{"name":"wp","href":"https:\/\/api.w.org\/{rel}","templated":true}]}}