{"id":30,"date":"2020-04-16T10:34:08","date_gmt":"2020-04-16T09:34:08","guid":{"rendered":"https:\/\/edutictac.es\/tafol\/?p=30"},"modified":"2023-11-09T23:14:57","modified_gmt":"2023-11-09T22:14:57","slug":"videoconferencies-amb-alumnat","status":"publish","type":"post","link":"https:\/\/edutictac.es\/blog\/tafol\/videoconferencies-amb-alumnat\/","title":{"rendered":"Videoconfer\u00e8ncies amb alumnat"},"content":{"rendered":"\n<p>La Conselleria no contempla<a class=\"sdfootnoteanc\" href=\"#nota\" name=\"sdfootnote1anc\"><sup>1<\/sup><\/a>  l&#8217;\u00fas de plataformes de videoconfer\u00e8ncia per a les etapes d&#8217;infantil, prim\u00e0ria i ESO en el <a rel=\"noreferrer noopener\" href=\"https:\/\/portal.edu.gva.es\/mulan\/\" target=\"_blank\">pla MULAN<\/a>. <\/p>\n\n\n\n<p>S\u00f3n segures les plataformes d&#8217;\u00fas com\u00fa? Es poden usar encara que no estiguen en el pla MULAN?<\/p>\n\n\n\n<p>Oficialment, nom\u00e9s es poden recomanar les eines i plataformes que estan en aquest pla. Per\u00f2 s\u00f3n moltes les consultes i demandes que hi ha per a fer videoconfer\u00e8ncies amb alumnat. <\/p>\n\n\n\n<p>Sobre la seguretat de les plataformes, tots els programes inform\u00e0tics poden tindre vulnerabilitats, les quals poden ser m\u00e9s greus o menys per\u00f2 el m\u00e9s important \u00e9s que siguen descobertes i solucionades mitjan\u00e7ant una actualitzaci\u00f3. <\/p>\n\n\n\n<p>Sobre si es poden usar per a donar suport a l&#8217;alumnat, en la meua opini\u00f3 personal, jo <strong>no recomanaria fer sessions amb grups<\/strong> d&#8217;alumnat per videoconfer\u00e8ncia convocades per la persona docent, per\u00f2 no ja perqu\u00e8 estiga o no estiga contemplat al pla MULAN, sin\u00f3 per les possibles <strong>implicacions del seu \u00fas<\/strong>. Des del moment que l&#8217;alumnat entra en grup a una videotrucada, tindran acc\u00e9s a les imatges i so dels companys i companyes, podrien gravar-lo i ja no se sap qu\u00e8 podrien fer m\u00e9s (manipular v\u00eddeos, etc.). Es perd el control d&#8217;una activitat iniciada per la persona docent.<\/p>\n\n\n\n<p>Si resulta imprescindible l&#8217;\u00fas del v\u00eddeo per a atendre les necessitats dels xiquets i les xiquetes consideraria fer alguna de les seg\u00fcents coses (en ordre de m\u00e9s recomanable a menys recomanable):<\/p>\n\n\n\n<ol class=\"wp-block-list\"><li><strong>Gravar un v\u00eddeo<\/strong> de la mestra o el mestre i enviar-lo a l&#8217;alumnat o fam\u00edlies. Com els v\u00eddeos solen ocupar molt d&#8217;espai en disc, no es recomana allotjar-lo en les webs oficials de Conselleria. Per\u00f2 si no cont\u00e9 dades personals de l&#8217;alumnat, es podria allotjar en YouTube, Vimeo, etc. i <a rel=\"noreferrer noopener\" href=\"https:\/\/edutictac.es\/edumillan3t\/web-familia-pmf\/\" target=\"_blank\">enviar l&#8217;enlla\u00e7 per web fam\u00edlia<\/a>. Si no es vol que els v\u00eddeos siguen p\u00fablics, es poden <a rel=\"noreferrer noopener\" href=\"https:\/\/portal.edu.gva.es\/cvtic\/va\/aules-youtube-com-penjar-un-video-ocult\/\" target=\"_blank\">penjar en ocult<\/a> i nom\u00e9s es veuran si es coneix l&#8217;enlla\u00e7 al v\u00eddeo.<\/li><li>Fer una <strong>sessi\u00f3 de v\u00eddeo en directe<\/strong> de la persona docent (sense que l&#8217;alumnat aparega en la imatge per\u00f2 puga seguir-lo en directe). Novament, si no es mencionen dades personals de l&#8217;alumnat, es pot fer amb qualsevol plataforma (encara que no estiga en el pla MULAN), ja que les \u00faniques dades que es publiquen serien les de la mateixa persona que fa el v\u00eddeo volunt\u00e0riament. Per a fer una sessi\u00f3 en directe no cal un programa de videoconfer\u00e8ncies sin\u00f3 un programa per gravar des de la webcam i emetre en directe en alguna plataforma tipus YouTube, Facebook, Twich&#8230; Existeix programari lliure, com ara <a rel=\"noreferrer noopener\" href=\"https:\/\/obsproject.com\/es\" target=\"_blank\">OBS Studio<\/a> que ho fa.<\/li><li>Fer una <strong>videoconfer\u00e8ncia individual<\/strong> a manera de tutoria. Per tema de protecci\u00f3 de dades, estaria perm\u00e9s, ja que el tractament estaria legitimat per Llei per a la funci\u00f3 educativa i, al ser individual, no se cedeixen dades a tercers. La plataforma ideal seria una que xifrara la comunicaci\u00f3 d&#8217;extrem a extrem per tal d&#8217;assegurar que no s&#8217;intercepten les imatges.<\/li><li>Com a \u00faltim recurs, es podria participar en una videoconfer\u00e8ncia de grup, amb car\u00e0cter voluntari, convocada per algun familiar, en la qual s&#8217;haja <strong>informat a tots els participants de les possibles implicacions<\/strong> d&#8217;entrar i s&#8217;haja demanat a tots <strong>fer un \u00fas responsable<\/strong> de les dades personals obtingudes sense consentiment.<\/li><\/ol>\n\n\n\n<p>En l&#8217;<a rel=\"noreferrer noopener\" href=\"https:\/\/portal.edu.gva.es\/cvtic\/va\/videotutorials-aules\/#miscelania\" target=\"_blank\">apartat miscel\u00b7l\u00e0nia<\/a> de la p\u00e0gina amb <a rel=\"noreferrer noopener\" href=\"https:\/\/portal.edu.gva.es\/cvtic\/va\/videotutorials-aules\/\" target=\"_blank\">videotutorials del portal CvTIC<\/a> hi ha alguns v\u00eddeos sobre diferents eines que podrien ajudar, com els v\u00eddeos sobre YouTube, sobre creaci\u00f3 de materials o sobre el programa OBS.<\/p>\n\n\n\n<p>Refer\u00e8ncies sobre les vulnerabilitats:<\/p>\n\n\n\n<ul class=\"wp-block-list\"><li>https:\/\/unaaldia.hispasec.com\/secciones\/vulnerabilidades<\/li><li>https:\/\/www.ccn-cert.cni.es\/seguridad-al-dia\/alertas-ccn-cert.html<\/li><\/ul>\n\n\n\n<div id=\"sdfootnote1\">\n<p class=\"sdfootnote\"><a class=\"sdfootnotesym\" href=\"#sdfootnote1anc\" name=\"nota\">1<\/a> Actualitzaci\u00f3 30\/4\/2020: En la data 20\/04\/2020 la <a href=\"http:\/\/www.ceice.gva.es\/va\/covid-19\">Conselleria<\/a> ha enviat una <a href=\"http:\/\/www.ceice.gva.es\/documents\/161634256\/169799965\/Val\/6ee2ec83-7cb1-4994-8919-eecd6ccc03a5\">carta als centres<\/a> en la qual s&#8217;explica una ampliaci\u00f3 del pla MULAN, on s&#8217;expresa que els centres de prim\u00e0ria tindran acc\u00e9s la plataforma de videoconfer\u00e8ncies.<\/p>\n<\/div>\n","protected":false},"excerpt":{"rendered":"<p>La Conselleria no contempla1 l&#8217;\u00fas de plataformes de videoconfer\u00e8ncia per a les etapes d&#8217;infantil, prim\u00e0ria i ESO en el pla MULAN. S\u00f3n segures les plataformes d&#8217;\u00fas com\u00fa? Es poden usar encara que no estiguen en el pla MULAN? Oficialment, nom\u00e9s es poden recomanar les eines i plataformes que estan en aquest pla. Per\u00f2 s\u00f3n moltes &#8230; <a title=\"Videoconfer\u00e8ncies amb alumnat\" class=\"read-more\" href=\"https:\/\/edutictac.es\/blog\/tafol\/videoconferencies-amb-alumnat\/\" aria-label=\"M\u00e9s informaci\u00f3 sobre Videoconfer\u00e8ncies amb alumnat\">Llegiu m\u00e9s<\/a><\/p>\n","protected":false},"author":4,"featured_media":0,"comment_status":"open","ping_status":"open","sticky":false,"template":"","format":"standard","meta":{"activitypub_content_warning":"","activitypub_content_visibility":"","activitypub_max_image_attachments":4,"activitypub_interaction_policy_quote":"anyone","activitypub_status":"","footnotes":""},"categories":[19],"tags":[],"class_list":["post-30","post","type-post","status-publish","format-standard","hentry","category-mon-educatiu"],"_links":{"self":[{"href":"https:\/\/edutictac.es\/blog\/tafol\/wp-json\/wp\/v2\/posts\/30","targetHints":{"allow":["GET"]}}],"collection":[{"href":"https:\/\/edutictac.es\/blog\/tafol\/wp-json\/wp\/v2\/posts"}],"about":[{"href":"https:\/\/edutictac.es\/blog\/tafol\/wp-json\/wp\/v2\/types\/post"}],"author":[{"embeddable":true,"href":"https:\/\/edutictac.es\/blog\/tafol\/wp-json\/wp\/v2\/users\/4"}],"replies":[{"embeddable":true,"href":"https:\/\/edutictac.es\/blog\/tafol\/wp-json\/wp\/v2\/comments?post=30"}],"version-history":[{"count":1,"href":"https:\/\/edutictac.es\/blog\/tafol\/wp-json\/wp\/v2\/posts\/30\/revisions"}],"predecessor-version":[{"id":196,"href":"https:\/\/edutictac.es\/blog\/tafol\/wp-json\/wp\/v2\/posts\/30\/revisions\/196"}],"wp:attachment":[{"href":"https:\/\/edutictac.es\/blog\/tafol\/wp-json\/wp\/v2\/media?parent=30"}],"wp:term":[{"taxonomy":"category","embeddable":true,"href":"https:\/\/edutictac.es\/blog\/tafol\/wp-json\/wp\/v2\/categories?post=30"},{"taxonomy":"post_tag","embeddable":true,"href":"https:\/\/edutictac.es\/blog\/tafol\/wp-json\/wp\/v2\/tags?post=30"}],"curies":[{"name":"wp","href":"https:\/\/api.w.org\/{rel}","templated":true}]}}