{"id":4367,"date":"2022-11-02T19:54:07","date_gmt":"2022-11-02T17:54:07","guid":{"rendered":"https:\/\/edutictac.es\/sasogu\/?p=4367"},"modified":"2022-11-02T19:54:07","modified_gmt":"2022-11-02T17:54:07","slug":"actualitzacio-de-la-configuracio-del-correu-edu-gva-es","status":"publish","type":"post","link":"https:\/\/edutictac.es\/blog\/sasogu\/actualitzacio-de-la-configuracio-del-correu-edu-gva-es\/","title":{"rendered":"Actualitzaci\u00f3 de la configuraci\u00f3 del correu edu.gva.es amb Thunderbird"},"content":{"rendered":"\n<p>Va passant el temps i van canviant les configuracions en Thunderbird sense previ av\u00eds als usuaris que no siguen de Microsoft Office 365. Com que en aquest blog n&#8217;hi ha una <a href=\"https:\/\/edutictac.es\/sasogu\/configuracio-del-compte-de-correu-didentitat-digital-edu-gva-es-amb-thunderbird\/\" data-type=\"post\" data-id=\"4265\">entrada fent refer\u00e8ncia a la configuraci\u00f3 amb DavMail<\/a> molta gent que em coneix em pregunta per qu\u00e8 aix\u00f2 ja no funciona, aix\u00ed que actualitze la configuraci\u00f3 a dia de hui 2 de nombre de 2022 la manera correcta de configurar el correu edu.gva.es en el nostre client de correu favorit, \u00e9s la seg\u00fcent.<\/p>\n\n\n\n<figure class=\"wp-block-image size-large\"><img loading=\"lazy\" decoding=\"async\" width=\"1024\" height=\"325\" src=\"https:\/\/edutictac.es\/blog\/sasogu\/wp-content\/uploads\/sites\/3\/2022\/11\/photo_2022-10-11_16-16-15-1024x325.jpg\" alt=\"\" class=\"wp-image-4369\" srcset=\"https:\/\/edutictac.es\/blog\/sasogu\/wp-content\/uploads\/sites\/3\/2022\/11\/photo_2022-10-11_16-16-15-1024x325.jpg 1024w, https:\/\/edutictac.es\/blog\/sasogu\/wp-content\/uploads\/sites\/3\/2022\/11\/photo_2022-10-11_16-16-15-300x95.jpg 300w, https:\/\/edutictac.es\/blog\/sasogu\/wp-content\/uploads\/sites\/3\/2022\/11\/photo_2022-10-11_16-16-15-768x243.jpg 768w, https:\/\/edutictac.es\/blog\/sasogu\/wp-content\/uploads\/sites\/3\/2022\/11\/photo_2022-10-11_16-16-15.jpg 1183w\" sizes=\"auto, (max-width: 1024px) 100vw, 1024px\" \/><figcaption><a href=\"https:\/\/t.me\/edutictac\/91392\">Imatge i informaci\u00f3 compartida per @tafol en el grup de Telegram d&#8217;Edutictac <\/a><\/figcaption><\/figure>\n\n\n\n<p>Heu d&#8217;anar al Men\u00fa \u00bb Par\u00e0metres dels comtpes \u00bb Par\u00e0metres del servidor \u00bb Par\u00e0metres de seguretat \u00bb M\u00e8tode d&#8217;autenticaci\u00f3: OAuth2<\/p>\n\n\n\n<p>Amb aix\u00f2, funciona. La primera vegada despr\u00e9s del canvi, demana iniciar sessi\u00f3 amb la ID de MS en una subfinestra del Thunderbird i despr\u00e9s demana que concedim permisos al Thunderbird per accedir al nostre correu.<\/p>\n\n\n\n<p>Si ho feu per primera vegada els par\u00e0metres de configuraci\u00f3 s\u00f3n els seg\u00fcents (<a href=\"https:\/\/t.me\/edutictac\/87967\">informaci\u00f3 compartida en el grup de Telegram d&#8217;Edutictac per @rictic<\/a>).<\/p>\n\n\n\n<p>CONFIGURACI\u00d3 DEL CORREU AL THUNDERBIRD<\/p>\n\n\n\n<p>IMAP:<br>Nom del server: outlook.office365.com<br>Port: 993<br>Seguretat de la connexi\u00f3: SSL\/TLS<br>M\u00e8tode d&#8217;identificaci\u00f3: OAuth2<br>Nom d&#8217;usuari: El teu compte de correu &#8220;\u2026.@edu.gva.es&#8221;<\/p>\n\n\n\n<p>SMTP:<br>Nom del server: outlook.office365.com<br>Port: 587<br>Seguretat de la connexi\u00f3: STARTTLS<br>M\u00e8tode d&#8217;identificaci\u00f3: Contrasenya normal<br>Nom d&#8217;usuari: El teu compte de correu &#8220;\u2026.@edu.gva.es&#8221;<\/p>\n\n\n\n<p>Compte: Per a evitar missatges duplicats a la carpeta d&#8217;enviaments, en la configuraci\u00f3 de les &#8220;Copies i carpetes&#8221; d&#8217;un client de correu com a Thunderbird, a l&#8217;enviament de missatges autom\u00e0ticament, no hi ha de marcar-se la casella &#8220;Deixa una c\u00f2pia en:&#8221;<\/p>\n\n\n\n<p><a href=\"https:\/\/support.microsoft.com\/en-us\/office\/pop-imap-and-smtp-settings-8361e398-8af4-4e97-b147-6c6c4ac95353\">https:\/\/support.microsoft.com\/en-us\/office\/pop-imap-and-smtp-settings-8361e398-8af4-4e97-b147-6c6c4ac95353<\/a><\/p>\n","protected":false},"excerpt":{"rendered":"<p>Va passant el temps i van canviant les configuracions en Thunderbird sense previ av\u00eds als usuaris que no siguen de Microsoft Office 365. Com que en aquest blog n&#8217;hi ha una entrada fent refer\u00e8ncia a la configuraci\u00f3 amb DavMail molta gent que em coneix em pregunta per qu\u00e8 aix\u00f2 ja no funciona, aix\u00ed que actualitze &#8230; <a title=\"Actualitzaci\u00f3 de la configuraci\u00f3 del correu edu.gva.es amb Thunderbird\" class=\"read-more\" href=\"https:\/\/edutictac.es\/blog\/sasogu\/actualitzacio-de-la-configuracio-del-correu-edu-gva-es\/\" aria-label=\"M\u00e9s informaci\u00f3 sobre Actualitzaci\u00f3 de la configuraci\u00f3 del correu edu.gva.es amb Thunderbird\">Llegiu m\u00e9s<\/a><\/p>\n","protected":false},"author":3,"featured_media":0,"comment_status":"open","ping_status":"open","sticky":false,"template":"","format":"standard","meta":{"activitypub_content_warning":"","activitypub_content_visibility":"","activitypub_max_image_attachments":4,"activitypub_interaction_policy_quote":"anyone","activitypub_status":"","footnotes":""},"categories":[1],"tags":[],"class_list":["post-4367","post","type-post","status-publish","format-standard","hentry","category-general"],"_links":{"self":[{"href":"https:\/\/edutictac.es\/blog\/sasogu\/wp-json\/wp\/v2\/posts\/4367","targetHints":{"allow":["GET"]}}],"collection":[{"href":"https:\/\/edutictac.es\/blog\/sasogu\/wp-json\/wp\/v2\/posts"}],"about":[{"href":"https:\/\/edutictac.es\/blog\/sasogu\/wp-json\/wp\/v2\/types\/post"}],"author":[{"embeddable":true,"href":"https:\/\/edutictac.es\/blog\/sasogu\/wp-json\/wp\/v2\/users\/3"}],"replies":[{"embeddable":true,"href":"https:\/\/edutictac.es\/blog\/sasogu\/wp-json\/wp\/v2\/comments?post=4367"}],"version-history":[{"count":0,"href":"https:\/\/edutictac.es\/blog\/sasogu\/wp-json\/wp\/v2\/posts\/4367\/revisions"}],"wp:attachment":[{"href":"https:\/\/edutictac.es\/blog\/sasogu\/wp-json\/wp\/v2\/media?parent=4367"}],"wp:term":[{"taxonomy":"category","embeddable":true,"href":"https:\/\/edutictac.es\/blog\/sasogu\/wp-json\/wp\/v2\/categories?post=4367"},{"taxonomy":"post_tag","embeddable":true,"href":"https:\/\/edutictac.es\/blog\/sasogu\/wp-json\/wp\/v2\/tags?post=4367"}],"curies":[{"name":"wp","href":"https:\/\/api.w.org\/{rel}","templated":true}]}}