{"id":4250,"date":"2021-05-27T21:47:07","date_gmt":"2021-05-27T19:47:07","guid":{"rendered":"https:\/\/edutictac.es\/sasogu\/?p=4250"},"modified":"2021-05-27T21:47:07","modified_gmt":"2021-05-27T19:47:07","slug":"demanar-cita-amb-formularis-de-portaledu","status":"publish","type":"post","link":"https:\/\/edutictac.es\/blog\/sasogu\/demanar-cita-amb-formularis-de-portaledu\/","title":{"rendered":"&#8220;Demanar cita&#8221; amb formularis de PortalEdu"},"content":{"rendered":"\n<p>A continuaci\u00f3 trobareu una c\u00f2pia d&#8217;un post publicat originalment en  https:\/\/portal.edu.gva.es\/cvtic\/va\/cita-portaledu\/ que recupere en aquest espai per si a alg\u00fa li pot ser \u00fatil. <\/p>\n\n\n\n<p>A causa de l&#8217;estat de pand\u00e8mia per la COVID-19 de l&#8217;any 2020 (o per altres motius) molts centres educatius poden tindre necessitat de convocar a les fam\u00edlies amb hora pr\u00e8via per tal d&#8217;evitar aglomeracions de gent en alguns espais del centre. Gr\u00e0cies a l&#8217;eina de formularis de PortalEdu podem generar un formulari senzill que permeta reservar un horari d&#8217;atenci\u00f3 quan es demana cita.<\/p>\n\n\n\n<p>Per fer-ho, hem de crear un formulari amb l&#8217;eina (anomenada <a href=\"https:\/\/docs.gravityforms.com\/category\/getting-started\/\">Gravity Forms<\/a>), incloure un camp per a triar el dia des d&#8217;un llistat desplegable, incloure els camps necessaris per a triar l&#8217;hora (tants com dies disponibles hi haur\u00e0) i, per \u00faltim, configurar els camps de forma adequada per tal que no es puguen demanar cites duplicades al mateix horari. A continuaci\u00f3 us deixem els <a href=\"#passos\">passos a seguir<\/a> amb les captures de pantalla corresponent, un <a href=\"#fitxer\">enlla\u00e7 al fitxer<\/a> que cont\u00e9 un formulari d&#8217;exemple per si voleu aprofitar-lo i el <a href=\"#exemple\">formulari d&#8217;exemple<\/a> amb anotacions extra per tal que vegeu com funciona.<\/p>\n\n\n\n<p>Volem agrair a <a href=\"http:\/\/t.me\/elclariogroc\">@elclariogroc<\/a> i <a href=\"http:\/\/t.me\/aulamagica12\">@aulamagica12<\/a> per compartir aquest recurs en el <a href=\"https:\/\/t.me\/portaledu\">grup de telegram de la comunitat d&#8217;usuaris de PortalEdu<\/a> a Telegram<br><a name=\"passos\"><\/a><\/p>\n\n\n\n<h3 class=\"wp-block-heading\"><strong>Passos a seguir<\/strong><\/h3>\n\n\n\n<p>Anem a Tauler -&gt; Formularis -&gt; Nou Formulari<\/p>\n\n\n\n<div class=\"wp-block-image\"><figure class=\"aligncenter size-large\"><img loading=\"lazy\" decoding=\"async\" width=\"285\" height=\"385\" src=\"https:\/\/edutictac.es\/blog\/sasogu\/wp-content\/uploads\/sites\/3\/2021\/05\/2020-11-17_13-27.png\" alt=\"\" class=\"wp-image-4251\" srcset=\"https:\/\/edutictac.es\/blog\/sasogu\/wp-content\/uploads\/sites\/3\/2021\/05\/2020-11-17_13-27.png 285w, https:\/\/edutictac.es\/blog\/sasogu\/wp-content\/uploads\/sites\/3\/2021\/05\/2020-11-17_13-27-222x300.png 222w\" sizes=\"auto, (max-width: 285px) 100vw, 285px\" \/><\/figure><\/div>\n\n\n\n<p>Emplenem el nom i descripci\u00f3 del formulari i fem clic en el bot\u00f3 &#8220;Crea formulari&#8221;.<\/p>\n\n\n\n<div class=\"wp-block-image\"><figure class=\"aligncenter size-large\"><img loading=\"lazy\" decoding=\"async\" width=\"406\" height=\"341\" src=\"https:\/\/edutictac.es\/blog\/sasogu\/wp-content\/uploads\/sites\/3\/2021\/05\/2020-11-17_13-29.png\" alt=\"\" class=\"wp-image-4252\" srcset=\"https:\/\/edutictac.es\/blog\/sasogu\/wp-content\/uploads\/sites\/3\/2021\/05\/2020-11-17_13-29.png 406w, https:\/\/edutictac.es\/blog\/sasogu\/wp-content\/uploads\/sites\/3\/2021\/05\/2020-11-17_13-29-300x252.png 300w\" sizes=\"auto, (max-width: 406px) 100vw, 406px\" \/><\/figure><\/div>\n\n\n\n<p>A continuaci\u00f3 triem els camps que considerem interessants per a contactar amb les fam\u00edlies, en la seg\u00fcent captura teniu un exemple.<\/p>\n\n\n\n<div class=\"wp-block-image\"><figure class=\"aligncenter size-large\"><img loading=\"lazy\" decoding=\"async\" width=\"557\" height=\"816\" src=\"https:\/\/edutictac.es\/blog\/sasogu\/wp-content\/uploads\/sites\/3\/2021\/05\/2020-11-17_13-31.png\" alt=\"\" class=\"wp-image-4253\" srcset=\"https:\/\/edutictac.es\/blog\/sasogu\/wp-content\/uploads\/sites\/3\/2021\/05\/2020-11-17_13-31.png 557w, https:\/\/edutictac.es\/blog\/sasogu\/wp-content\/uploads\/sites\/3\/2021\/05\/2020-11-17_13-31-205x300.png 205w\" sizes=\"auto, (max-width: 557px) 100vw, 557px\" \/><\/figure><\/div>\n\n\n\n<p>Els camps que serveixen per a reservar cita s\u00f3n els dos \u00faltims, els corresponents al dia i hora de la cita<\/p>\n\n\n\n<div class=\"wp-block-image\"><figure class=\"aligncenter size-large\"><img loading=\"lazy\" decoding=\"async\" width=\"281\" height=\"295\" src=\"https:\/\/edutictac.es\/blog\/sasogu\/wp-content\/uploads\/sites\/3\/2021\/05\/2020-11-17_13-34.png\" alt=\"\" class=\"wp-image-4254\" \/><\/figure><\/div>\n\n\n\n<p>El primer \u00e9s un camp de tipus &#8220;Desplegable&#8221; i l&#8217;hora \u00e9s de tipus &#8220;Botons d&#8217;opci\u00f3&#8221;. Passem ara a veure com estan configurats. En el desplegable posem els dies de la setmana que volem incloure en el formulari, com a la seg\u00fcent imatge:<\/p>\n\n\n\n<div class=\"wp-block-image\"><figure class=\"aligncenter size-large\"><img loading=\"lazy\" decoding=\"async\" width=\"458\" height=\"644\" src=\"https:\/\/edutictac.es\/blog\/sasogu\/wp-content\/uploads\/sites\/3\/2021\/05\/2020-11-19_10-00.png\" alt=\"\" class=\"wp-image-4255\" srcset=\"https:\/\/edutictac.es\/blog\/sasogu\/wp-content\/uploads\/sites\/3\/2021\/05\/2020-11-19_10-00.png 458w, https:\/\/edutictac.es\/blog\/sasogu\/wp-content\/uploads\/sites\/3\/2021\/05\/2020-11-19_10-00-213x300.png 213w\" sizes=\"auto, (max-width: 458px) 100vw, 458px\" \/><\/figure><\/div>\n\n\n\n<p>I als botons d&#8217;opci\u00f3 corresponents a l&#8217;horari que pot triar l&#8217;usuari el que fem \u00e9s habilitar la l\u00f2gica condicional a la pestanya &#8220;Avan\u00e7at&#8221; per a mostrar nom\u00e9s l&#8217;horari del dia de la setmana triat. Cal afegir aquest camp tantes vegades com dies afegim al desplegable anterior.<\/p>\n\n\n\n<div class=\"wp-block-image\"><figure class=\"aligncenter size-large\"><img loading=\"lazy\" decoding=\"async\" width=\"627\" height=\"774\" src=\"https:\/\/edutictac.es\/blog\/sasogu\/wp-content\/uploads\/sites\/3\/2021\/05\/2020-11-18_12-43.png\" alt=\"\" class=\"wp-image-4256\" srcset=\"https:\/\/edutictac.es\/blog\/sasogu\/wp-content\/uploads\/sites\/3\/2021\/05\/2020-11-18_12-43.png 627w, https:\/\/edutictac.es\/blog\/sasogu\/wp-content\/uploads\/sites\/3\/2021\/05\/2020-11-18_12-43-243x300.png 243w\" sizes=\"auto, (max-width: 627px) 100vw, 627px\" \/><\/figure><\/div>\n\n\n\n<p>Per \u00faltim, a la pestanya &#8220;General&#8221; marquem les opcions &#8220;Obligatori&#8221; i &#8220;Sense duplicats&#8221; per a evitar que dos usuaris reserven el mateix horari.\u200b<\/p>\n\n\n\n<div class=\"wp-block-image\"><figure class=\"aligncenter size-large\"><img loading=\"lazy\" decoding=\"async\" width=\"455\" height=\"876\" src=\"https:\/\/edutictac.es\/blog\/sasogu\/wp-content\/uploads\/sites\/3\/2021\/05\/2020-11-18_12-46.png\" alt=\"\" class=\"wp-image-4257\" srcset=\"https:\/\/edutictac.es\/blog\/sasogu\/wp-content\/uploads\/sites\/3\/2021\/05\/2020-11-18_12-46.png 455w, https:\/\/edutictac.es\/blog\/sasogu\/wp-content\/uploads\/sites\/3\/2021\/05\/2020-11-18_12-46-156x300.png 156w\" sizes=\"auto, (max-width: 455px) 100vw, 455px\" \/><\/figure><\/div>\n\n\n\n<p>&#8211;<\/p>\n\n\n\n<p>Quan l&#8217;usuari completa el formulari li arriba una c\u00f2pia al seu correu. Aix\u00f2 es configura a la secci\u00f3 &#8220;Configuraci\u00f3&#8221; -&gt; &#8220;Confirmacions&#8221;<\/p>\n\n\n\n<div class=\"wp-block-image\"><figure class=\"aligncenter size-large\"><img loading=\"lazy\" decoding=\"async\" width=\"1024\" height=\"258\" src=\"https:\/\/edutictac.es\/blog\/sasogu\/wp-content\/uploads\/sites\/3\/2021\/05\/2020-11-19_10-05-1024x258.png\" alt=\"\" class=\"wp-image-4258\" srcset=\"https:\/\/edutictac.es\/blog\/sasogu\/wp-content\/uploads\/sites\/3\/2021\/05\/2020-11-19_10-05-1024x258.png 1024w, https:\/\/edutictac.es\/blog\/sasogu\/wp-content\/uploads\/sites\/3\/2021\/05\/2020-11-19_10-05-300x76.png 300w, https:\/\/edutictac.es\/blog\/sasogu\/wp-content\/uploads\/sites\/3\/2021\/05\/2020-11-19_10-05-768x194.png 768w, https:\/\/edutictac.es\/blog\/sasogu\/wp-content\/uploads\/sites\/3\/2021\/05\/2020-11-19_10-05-1536x387.png 1536w, https:\/\/edutictac.es\/blog\/sasogu\/wp-content\/uploads\/sites\/3\/2021\/05\/2020-11-19_10-05.png 1710w\" sizes=\"auto, (max-width: 1024px) 100vw, 1024px\" \/><\/figure><\/div>\n\n\n\n<p>Amb variants d&#8217;aquest formulari podeu crear altres adaptats als vostres centres. Com per exemple afegir a la secci\u00f3 &#8220;Notificacions&#8221; el correu del tutor perqu\u00e8 quan la fam\u00edlia reserve horari li arribe autom\u00e0ticament av\u00eds a la seua b\u00fastia.<br><a name=\"fitxer\"><\/a><\/p>\n\n\n\n<h3 class=\"wp-block-heading\"><strong>Fitxer amb el formulari per a la desc\u00e0rrega<\/strong><\/h3>\n\n\n\n<p>Per \u00faltim vos deixem aquest exemple per comprovar el funcionament i per a importar en la vostra p\u00e0gina de PortalEdu directament si voleu fer proves. <a href=\"https:\/\/portal.edu.gva.es\/cvtic\/wp-content\/uploads\/sites\/15\/2020\/11\/Formulario-para-cita-previa.json_.zip\">Descarregar.<\/a><br><a name=\"exemple\"><\/a><\/p>\n\n\n\n<h3 class=\"wp-block-heading\"><strong>Formulari d&#8217;exemple<\/strong><\/h3>\n\n\n\n<p>A continuaci\u00f3, per sota de la l\u00ednia horitzontal podeu veure un formulari demostratiu per tal que es veja com queda aquesta funcionalitat. Podeu triar, per exemple, el primer dia a la primera hora i veureu qu\u00e8 passa si ja est\u00e0 ocupada.<\/p>\n\n\n\n<hr class=\"wp-block-separator\" \/>\n\n\n\n[gravityform id=&#8221;14&#8243; title=&#8221;true&#8221; description=&#8221;true&#8221;]\n","protected":false},"excerpt":{"rendered":"<p>A continuaci\u00f3 trobareu una c\u00f2pia d&#8217;un post publicat originalment en https:\/\/portal.edu.gva.es\/cvtic\/va\/cita-portaledu\/ que recupere en aquest espai per si a alg\u00fa li pot ser \u00fatil. A causa de l&#8217;estat de pand\u00e8mia per la COVID-19 de l&#8217;any 2020 (o per altres motius) molts centres educatius poden tindre necessitat de convocar a les fam\u00edlies amb hora pr\u00e8via per &#8230; <a title=\"&#8220;Demanar cita&#8221; amb formularis de PortalEdu\" class=\"read-more\" href=\"https:\/\/edutictac.es\/blog\/sasogu\/demanar-cita-amb-formularis-de-portaledu\/\" aria-label=\"M\u00e9s informaci\u00f3 sobre &#8220;Demanar cita&#8221; amb formularis de PortalEdu\">Llegiu m\u00e9s<\/a><\/p>\n","protected":false},"author":3,"featured_media":0,"comment_status":"open","ping_status":"open","sticky":false,"template":"","format":"standard","meta":{"activitypub_content_warning":"","activitypub_content_visibility":"","activitypub_max_image_attachments":4,"activitypub_interaction_policy_quote":"anyone","activitypub_status":"","footnotes":""},"categories":[1],"tags":[],"class_list":["post-4250","post","type-post","status-publish","format-standard","hentry","category-general"],"_links":{"self":[{"href":"https:\/\/edutictac.es\/blog\/sasogu\/wp-json\/wp\/v2\/posts\/4250","targetHints":{"allow":["GET"]}}],"collection":[{"href":"https:\/\/edutictac.es\/blog\/sasogu\/wp-json\/wp\/v2\/posts"}],"about":[{"href":"https:\/\/edutictac.es\/blog\/sasogu\/wp-json\/wp\/v2\/types\/post"}],"author":[{"embeddable":true,"href":"https:\/\/edutictac.es\/blog\/sasogu\/wp-json\/wp\/v2\/users\/3"}],"replies":[{"embeddable":true,"href":"https:\/\/edutictac.es\/blog\/sasogu\/wp-json\/wp\/v2\/comments?post=4250"}],"version-history":[{"count":0,"href":"https:\/\/edutictac.es\/blog\/sasogu\/wp-json\/wp\/v2\/posts\/4250\/revisions"}],"wp:attachment":[{"href":"https:\/\/edutictac.es\/blog\/sasogu\/wp-json\/wp\/v2\/media?parent=4250"}],"wp:term":[{"taxonomy":"category","embeddable":true,"href":"https:\/\/edutictac.es\/blog\/sasogu\/wp-json\/wp\/v2\/categories?post=4250"},{"taxonomy":"post_tag","embeddable":true,"href":"https:\/\/edutictac.es\/blog\/sasogu\/wp-json\/wp\/v2\/tags?post=4250"}],"curies":[{"name":"wp","href":"https:\/\/api.w.org\/{rel}","templated":true}]}}