{"id":158,"date":"2020-04-17T10:22:11","date_gmt":"2020-04-17T08:22:11","guid":{"rendered":"https:\/\/edutictac.es\/sasogu\/?p=158"},"modified":"2020-04-17T10:22:11","modified_gmt":"2020-04-17T08:22:11","slug":"problema-amb-els-accents-al-telegram-desktop","status":"publish","type":"post","link":"https:\/\/edutictac.es\/blog\/sasogu\/problema-amb-els-accents-al-telegram-desktop\/","title":{"rendered":"Problema amb els accents al telegram desktop"},"content":{"rendered":"\n<p><br>El Telegram \u00e9s una aplicaci\u00f3 molt utilitzada hui dia per a comunicar-se entre diferents dispositius, ja siguen m\u00f2bils o ordinadors. Aquest no presenta la complexitat per a connectar-se que t\u00e9 el Whatsapp.<br>En alguns casos s&#8217;ha detectat que els accents no funcionen.<\/p>\n\n\n\n<h1 class=\"wp-block-heading\" id=\"Soluci_\">Soluci\u00f3<\/h1>\n\n\n\n<p><br>Cal obrir un terminal i escriure:<\/p>\n\n\n\n<pre class=\"wp-block-preformatted\">sudo sed -i '$a export LC_ALL=\"$(echo $LANG|cut -d@ -f1)\"' \/etc\/profile<\/pre>\n\n\n\n<p><br>Us demanar\u00e0 la contrasenya d&#8217;administrador. Despr\u00e9s reiniciem sessi\u00f3 i ja hauria de funcionar.<\/p>\n\n\n\n<p>Font:<a href=\"http:\/\/wiki.lliurex.net\/tiki-index.php?page=Problema%20amb%20els%20accents%20al%20telegram%20en%20LliureX%2016&amp;no_bl=y\"> wiki de lliurex<\/a><\/p>\n","protected":false},"excerpt":{"rendered":"<p>El Telegram \u00e9s una aplicaci\u00f3 molt utilitzada hui dia per a comunicar-se entre diferents dispositius, ja siguen m\u00f2bils o ordinadors. Aquest no presenta la complexitat per a connectar-se que t\u00e9 el Whatsapp.En alguns casos s&#8217;ha detectat que els accents no funcionen. Soluci\u00f3 Cal obrir un terminal i escriure: sudo sed -i &#8216;$a export LC_ALL=&#8221;$(echo $LANG|cut &#8230; <a title=\"Problema amb els accents al telegram desktop\" class=\"read-more\" href=\"https:\/\/edutictac.es\/blog\/sasogu\/problema-amb-els-accents-al-telegram-desktop\/\" aria-label=\"M\u00e9s informaci\u00f3 sobre Problema amb els accents al telegram desktop\">Llegiu m\u00e9s<\/a><\/p>\n","protected":false},"author":3,"featured_media":0,"comment_status":"open","ping_status":"open","sticky":false,"template":"","format":"standard","meta":{"activitypub_content_warning":"","activitypub_content_visibility":"","activitypub_max_image_attachments":4,"activitypub_interaction_policy_quote":"anyone","activitypub_status":"","footnotes":""},"categories":[7,10],"tags":[],"class_list":["post-158","post","type-post","status-publish","format-standard","hentry","category-lliurex","category-telegram"],"_links":{"self":[{"href":"https:\/\/edutictac.es\/blog\/sasogu\/wp-json\/wp\/v2\/posts\/158","targetHints":{"allow":["GET"]}}],"collection":[{"href":"https:\/\/edutictac.es\/blog\/sasogu\/wp-json\/wp\/v2\/posts"}],"about":[{"href":"https:\/\/edutictac.es\/blog\/sasogu\/wp-json\/wp\/v2\/types\/post"}],"author":[{"embeddable":true,"href":"https:\/\/edutictac.es\/blog\/sasogu\/wp-json\/wp\/v2\/users\/3"}],"replies":[{"embeddable":true,"href":"https:\/\/edutictac.es\/blog\/sasogu\/wp-json\/wp\/v2\/comments?post=158"}],"version-history":[{"count":0,"href":"https:\/\/edutictac.es\/blog\/sasogu\/wp-json\/wp\/v2\/posts\/158\/revisions"}],"wp:attachment":[{"href":"https:\/\/edutictac.es\/blog\/sasogu\/wp-json\/wp\/v2\/media?parent=158"}],"wp:term":[{"taxonomy":"category","embeddable":true,"href":"https:\/\/edutictac.es\/blog\/sasogu\/wp-json\/wp\/v2\/categories?post=158"},{"taxonomy":"post_tag","embeddable":true,"href":"https:\/\/edutictac.es\/blog\/sasogu\/wp-json\/wp\/v2\/tags?post=158"}],"curies":[{"name":"wp","href":"https:\/\/api.w.org\/{rel}","templated":true}]}}